{"id":1025,"date":"2024-12-09T14:16:40","date_gmt":"2024-12-09T13:16:40","guid":{"rendered":"https:\/\/fpma-nantes.org\/?p=1025"},"modified":"2025-01-17T21:12:54","modified_gmt":"2025-01-17T20:12:54","slug":"culte-du-08-22-2024-un-culte-porte-par-la-jeunesse-de-la-stk-et-lesperance-de-lavent","status":"publish","type":"post","link":"https:\/\/fpma-nantes.org\/?p=1025","title":{"rendered":"Culte du 08\/12\/2024 &#8211; un culte port\u00e9 par la jeunesse de la STK et l\u2019esp\u00e9rance de l\u2019Avent"},"content":{"rendered":"\n<div class=\"wp-block-media-text alignwide is-stacked-on-mobile\" style=\"grid-template-columns:51% auto\"><figure class=\"wp-block-media-text__media\"><img loading=\"lazy\" decoding=\"async\" width=\"640\" height=\"492\" src=\"https:\/\/fpma-nantes.org\/wp-content\/uploads\/2024\/12\/20241208_IMG_1941.jpeg\" alt=\"\" class=\"wp-image-988 size-full\" srcset=\"https:\/\/fpma-nantes.org\/wp-content\/uploads\/2024\/12\/20241208_IMG_1941.jpeg 640w, https:\/\/fpma-nantes.org\/wp-content\/uploads\/2024\/12\/20241208_IMG_1941-300x231.jpeg 300w, https:\/\/fpma-nantes.org\/wp-content\/uploads\/2024\/12\/20241208_IMG_1941-500x384.jpeg 500w\" sizes=\"auto, (max-width: 640px) 100vw, 640px\" \/><\/figure><div class=\"wp-block-media-text__content\">\n<p><\/p>\n\n\n\n<p>Ce dimanche 8 d\u00e9cembre, s\u2019est tenu le culte du vokatra de l\u2019\u00e9glise, accompagn\u00e9 d\u2019une offrande d\u00e9di\u00e9e \u00e0 la jeunesse de la STK (Sampana Tanora Kristiana), qui a brillamment pr\u00e9sid\u00e9 le culte.<\/p>\n\n\n\n<p>En cette p\u00e9riode de l\u2019Avent, le message central portait sur l\u2019esp\u00e9rance et la pr\u00e9paration \u00e0 l\u2019av\u00e8nement de notre Seigneur. La pr\u00e9dication s\u2019est articul\u00e9e autour du th\u00e8me central de la joie que Dieu insuffle dans nos vies, m\u00eame dans les moments les plus difficiles.<\/p>\n\n\n\n<p>Le pasteur Saholy a rappel\u00e9 que l\u2019Avent est un temps d\u2019attente active, une p\u00e9riode o\u00f9 nous sommes appel\u00e9s \u00e0 r\u00e9fl\u00e9chir sur notre foi et \u00e0 raviver notre esp\u00e9rance. Elle a \u00e9galement mis en lumi\u00e8re l\u2019importance de l\u2019offrande comme un acte de reconnaissance envers Dieu, qui accomplit de grandes choses pour ses enfants. La liturgie, ponctu\u00e9e de chants vibrants et de la participation active des jeunes, a cr\u00e9\u00e9 une atmosph\u00e8re chaleureuse et inspirante.<\/p>\n<\/div><\/div>\n\n\n\n<h2 class=\"wp-block-heading\">Un syst\u00e8me de \u201cFanampiana\u201d de l\u2019association Mitsinjo (AMI)<\/h2>\n\n\n\n<div class=\"wp-block-media-text alignwide has-media-on-the-right is-stacked-on-mobile is-vertically-aligned-center\" style=\"grid-template-columns:auto 47%\"><div class=\"wp-block-media-text__content\">\n<p>L\u2019un des moments forts de cette journ\u00e9e fut la distribution de paniers solidaires, une initiative port\u00e9e par le komity en collaboration avec l\u2019association AMI, le bras humanitaire de la FPMA Nantes.<br><br>Ce projet, baptis\u00e9 Fanampiana, avait pour objectif d\u2019apporter un soutien concret aux jeunes de l\u2019\u00e9glise dans la r\u00e9gion de Nantes. Les paniers distribu\u00e9s contenaient des produits m\u00e9nagers, des articles d\u2019hygi\u00e8ne et des aliments non p\u00e9rissables.<br><br> Ces dons ont \u00e9t\u00e9 rendus possibles gr\u00e2ce \u00e0 la g\u00e9n\u00e9rosit\u00e9 des membres de l\u2019\u00e9glise et au soutien logistique de l\u2019association AMI. Les sourires et les remerciements des b\u00e9n\u00e9ficiaires \u00e9taient des t\u00e9moignages vivants de l\u2019impact de cet acte de solidarit\u00e9.<br><br>Ce syst\u00e8me met en lumi\u00e8re l\u2019importance de tels gestes en rappelant que : \u00ab En tant que chr\u00e9tiens, nous sommes appel\u00e9s \u00e0 \u00eatre les mains et les pieds du Christ sur Terre, en venant en aide \u00e0 nos fr\u00e8res et s\u0153urs dans le besoin. \u00bb Cette action marque le d\u00e9but d\u2019un engagement continu pour accompagner les jeunes dans leur quotidien.<\/p>\n\n\n\n<p><\/p>\n<\/div><figure class=\"wp-block-media-text__media\"><img loading=\"lazy\" decoding=\"async\" width=\"640\" height=\"412\" src=\"https:\/\/fpma-nantes.org\/wp-content\/uploads\/2024\/12\/20241208_IMG_1938.jpeg\" alt=\"\" class=\"wp-image-987 size-full\" srcset=\"https:\/\/fpma-nantes.org\/wp-content\/uploads\/2024\/12\/20241208_IMG_1938.jpeg 640w, https:\/\/fpma-nantes.org\/wp-content\/uploads\/2024\/12\/20241208_IMG_1938-300x193.jpeg 300w, https:\/\/fpma-nantes.org\/wp-content\/uploads\/2024\/12\/20241208_IMG_1938-500x322.jpeg 500w\" sizes=\"auto, (max-width: 640px) 100vw, 640px\" \/><\/figure><\/div>\n\n\n\n<div class=\"wp-block-media-text is-stacked-on-mobile\" style=\"grid-template-columns:44% auto\"><figure class=\"wp-block-media-text__media\"><img loading=\"lazy\" decoding=\"async\" width=\"640\" height=\"480\" src=\"https:\/\/fpma-nantes.org\/wp-content\/uploads\/2024\/12\/20241208_IMG_1943.jpeg\" alt=\"\" class=\"wp-image-1004 size-full\" srcset=\"https:\/\/fpma-nantes.org\/wp-content\/uploads\/2024\/12\/20241208_IMG_1943.jpeg 640w, https:\/\/fpma-nantes.org\/wp-content\/uploads\/2024\/12\/20241208_IMG_1943-300x225.jpeg 300w, https:\/\/fpma-nantes.org\/wp-content\/uploads\/2024\/12\/20241208_IMG_1943-500x375.jpeg 500w\" sizes=\"auto, (max-width: 640px) 100vw, 640px\" \/><\/figure><div class=\"wp-block-media-text__content\">\n<p>La journ\u00e9e s\u2019est termin\u00e9e par un pot d\u2019amiti\u00e9 qui a rassembl\u00e9 toute l\u2019assembl\u00e9e. Ce moment convivial a \u00e9t\u00e9 l\u2019occasion de renforcer les liens entre les membres de l\u2019\u00e9glise et de c\u00e9l\u00e9brer ensemble la r\u00e9ussite de cette journ\u00e9e.<br>Guid\u00e9e par la joie et la reconnaissance envers l\u2019\u0153uvre de l\u2019\u00c9ternel, cette journ\u00e9e nous rappelle que l\u2019\u00c9glise est avant tout une famille unie, capable de grandes choses lorsque nous agissons ensemble. Que cet esprit d\u2019esp\u00e9rance et de partage continue de nous inspirer tout au long de cette p\u00e9riode de l\u2019Avent.<\/p>\n<\/div><\/div>\n","protected":false},"excerpt":{"rendered":"<p>Ce dimanche 8 d\u00e9cembre, s\u2019est tenu le culte du vokatra de l\u2019\u00e9glise, accompagn\u00e9 d\u2019une offrande d\u00e9di\u00e9e \u00e0 la jeunesse de la STK (Sampana Tanora Kristiana), qui a brillamment pr\u00e9sid\u00e9 le culte. En cette p\u00e9riode de l\u2019Avent, le message central portait sur l\u2019esp\u00e9rance et la pr\u00e9paration \u00e0 l\u2019av\u00e8nement de notre Seigneur. La pr\u00e9dication s\u2019est articul\u00e9e autour &#8230; <a title=\"Culte du 08\/12\/2024 &#8211; un culte port\u00e9 par la jeunesse de la STK et l\u2019esp\u00e9rance de l\u2019Avent\" class=\"read-more\" href=\"https:\/\/fpma-nantes.org\/?p=1025\" aria-label=\"En savoir plus sur Culte du 08\/12\/2024 &#8211; un culte port\u00e9 par la jeunesse de la STK et l\u2019esp\u00e9rance de l\u2019Avent\">Lire la suite<\/a><\/p>\n","protected":false},"author":1,"featured_media":988,"comment_status":"closed","ping_status":"closed","sticky":false,"template":"","format":"standard","meta":{"h5ap_radio_sources":[],"iawp_total_views":12,"_vp_format_video_url":"","_vp_image_focal_point":[],"footnotes":""},"categories":[7],"tags":[],"class_list":["post-1025","post","type-post","status-publish","format-standard","has-post-thumbnail","hentry","category-section-des-jeunes"],"_links":{"self":[{"href":"https:\/\/fpma-nantes.org\/index.php?rest_route=\/wp\/v2\/posts\/1025","targetHints":{"allow":["GET"]}}],"collection":[{"href":"https:\/\/fpma-nantes.org\/index.php?rest_route=\/wp\/v2\/posts"}],"about":[{"href":"https:\/\/fpma-nantes.org\/index.php?rest_route=\/wp\/v2\/types\/post"}],"author":[{"embeddable":true,"href":"https:\/\/fpma-nantes.org\/index.php?rest_route=\/wp\/v2\/users\/1"}],"replies":[{"embeddable":true,"href":"https:\/\/fpma-nantes.org\/index.php?rest_route=%2Fwp%2Fv2%2Fcomments&post=1025"}],"version-history":[{"count":6,"href":"https:\/\/fpma-nantes.org\/index.php?rest_route=\/wp\/v2\/posts\/1025\/revisions"}],"predecessor-version":[{"id":1107,"href":"https:\/\/fpma-nantes.org\/index.php?rest_route=\/wp\/v2\/posts\/1025\/revisions\/1107"}],"wp:featuredmedia":[{"embeddable":true,"href":"https:\/\/fpma-nantes.org\/index.php?rest_route=\/wp\/v2\/media\/988"}],"wp:attachment":[{"href":"https:\/\/fpma-nantes.org\/index.php?rest_route=%2Fwp%2Fv2%2Fmedia&parent=1025"}],"wp:term":[{"taxonomy":"category","embeddable":true,"href":"https:\/\/fpma-nantes.org\/index.php?rest_route=%2Fwp%2Fv2%2Fcategories&post=1025"},{"taxonomy":"post_tag","embeddable":true,"href":"https:\/\/fpma-nantes.org\/index.php?rest_route=%2Fwp%2Fv2%2Ftags&post=1025"}],"curies":[{"name":"wp","href":"https:\/\/api.w.org\/{rel}","templated":true}]}}