{"id":1089,"date":"2024-11-04T19:45:55","date_gmt":"2024-11-04T18:45:55","guid":{"rendered":"https:\/\/fpma-nantes.org\/?p=1089"},"modified":"2025-01-17T21:24:39","modified_gmt":"2025-01-17T20:24:39","slug":"hafatry-ny-synoda-faha-39-natao-teto-nantes","status":"publish","type":"post","link":"https:\/\/fpma-nantes.org\/?p=1089","title":{"rendered":"Hafatry ny syn\u00f4da faha 39, natao teto Nantes"},"content":{"rendered":"\n<p>Azonao alaina ato ny hafatry ny syn\u00f4da lehibe an&rsquo;ny FPMA izay natao teto Nantes ny 01 &#8211; 03 novambra lasa teo.<br><a href=\"https:\/\/fpma-nantes.org\/wp-content\/uploads\/2024\/12\/Hafatra-Synoda-FPMA-faha-39.pdf\">Lien de t\u00e9l\u00e9chargement<\/a><\/p>\n\n\n\n<figure class=\"wp-block-gallery has-nested-images columns-default is-cropped wp-block-gallery-1 is-layout-flex wp-block-gallery-is-layout-flex\">\n<figure class=\"wp-block-image size-large is-style-default\"><img loading=\"lazy\" decoding=\"async\" width=\"745\" height=\"540\" data-id=\"981\" src=\"https:\/\/fpma-nantes.org\/wp-content\/uploads\/2024\/12\/Synoda-3.png\" alt=\"\" class=\"wp-image-981\" srcset=\"https:\/\/fpma-nantes.org\/wp-content\/uploads\/2024\/12\/Synoda-3.png 745w, https:\/\/fpma-nantes.org\/wp-content\/uploads\/2024\/12\/Synoda-3-300x217.png 300w, https:\/\/fpma-nantes.org\/wp-content\/uploads\/2024\/12\/Synoda-3-500x362.png 500w\" sizes=\"auto, (max-width: 745px) 100vw, 745px\" \/><\/figure>\n\n\n\n<figure class=\"wp-block-image size-large\"><img loading=\"lazy\" decoding=\"async\" width=\"927\" height=\"381\" data-id=\"979\" src=\"https:\/\/fpma-nantes.org\/wp-content\/uploads\/2024\/12\/Synoda-2.png\" alt=\"\" class=\"wp-image-979\" srcset=\"https:\/\/fpma-nantes.org\/wp-content\/uploads\/2024\/12\/Synoda-2.png 927w, https:\/\/fpma-nantes.org\/wp-content\/uploads\/2024\/12\/Synoda-2-300x123.png 300w, https:\/\/fpma-nantes.org\/wp-content\/uploads\/2024\/12\/Synoda-2-768x316.png 768w, https:\/\/fpma-nantes.org\/wp-content\/uploads\/2024\/12\/Synoda-2-500x206.png 500w, https:\/\/fpma-nantes.org\/wp-content\/uploads\/2024\/12\/Synoda-2-800x329.png 800w\" sizes=\"auto, (max-width: 927px) 100vw, 927px\" \/><\/figure>\n<\/figure>\n\n\n\n<p><\/p>\n","protected":false},"excerpt":{"rendered":"<p>Azonao alaina ato ny hafatry ny syn\u00f4da lehibe an&rsquo;ny FPMA izay natao teto Nantes ny 01 &#8211; 03 novambra lasa teo.Lien de t\u00e9l\u00e9chargement<\/p>\n","protected":false},"author":1,"featured_media":0,"comment_status":"closed","ping_status":"closed","sticky":false,"template":"","format":"standard","meta":{"h5ap_radio_sources":[],"iawp_total_views":1,"_vp_format_video_url":"","_vp_image_focal_point":[],"footnotes":""},"categories":[11],"tags":[],"class_list":["post-1089","post","type-post","status-publish","format-standard","hentry","category-la-vie-de-leglise"],"_links":{"self":[{"href":"https:\/\/fpma-nantes.org\/index.php?rest_route=\/wp\/v2\/posts\/1089","targetHints":{"allow":["GET"]}}],"collection":[{"href":"https:\/\/fpma-nantes.org\/index.php?rest_route=\/wp\/v2\/posts"}],"about":[{"href":"https:\/\/fpma-nantes.org\/index.php?rest_route=\/wp\/v2\/types\/post"}],"author":[{"embeddable":true,"href":"https:\/\/fpma-nantes.org\/index.php?rest_route=\/wp\/v2\/users\/1"}],"replies":[{"embeddable":true,"href":"https:\/\/fpma-nantes.org\/index.php?rest_route=%2Fwp%2Fv2%2Fcomments&post=1089"}],"version-history":[{"count":3,"href":"https:\/\/fpma-nantes.org\/index.php?rest_route=\/wp\/v2\/posts\/1089\/revisions"}],"predecessor-version":[{"id":1325,"href":"https:\/\/fpma-nantes.org\/index.php?rest_route=\/wp\/v2\/posts\/1089\/revisions\/1325"}],"wp:attachment":[{"href":"https:\/\/fpma-nantes.org\/index.php?rest_route=%2Fwp%2Fv2%2Fmedia&parent=1089"}],"wp:term":[{"taxonomy":"category","embeddable":true,"href":"https:\/\/fpma-nantes.org\/index.php?rest_route=%2Fwp%2Fv2%2Fcategories&post=1089"},{"taxonomy":"post_tag","embeddable":true,"href":"https:\/\/fpma-nantes.org\/index.php?rest_route=%2Fwp%2Fv2%2Ftags&post=1089"}],"curies":[{"name":"wp","href":"https:\/\/api.w.org\/{rel}","templated":true}]}}